{"id":4802,"date":"2019-06-11T19:38:15","date_gmt":"2019-06-11T18:38:15","guid":{"rendered":"http:\/\/nohejbal-kv.cz\/?p=4802"},"modified":"2022-04-11T00:24:04","modified_gmt":"2022-04-10T23:24:04","slug":"vyhra-na-strelaku-vratila-nas-tymna-stribrnou-pricku-extraligove-tabulky","status":"publish","type":"post","link":"https:\/\/nohejbal-kv.cz\/?p=4802","title":{"rendered":"V\u00fdhra na &#8222;St\u0159el\u00e1ku&#8220; vr\u00e1tila n\u00e1\u0161 t\u00fdm na st\u0159\u00edbrnou p\u0159\u00ed\u010dku extraligov\u00e9 tabulky"},"content":{"rendered":"<p>Netradi\u010dn\u011b a\u017e v ned\u011bli odpoledne nastupoval n\u00e1\u0161 A t\u00fdm k utk\u00e1n\u00ed 11. kola extraligy na h\u0159i\u0161ti nov\u00e1\u010dka sout\u011b\u017ee Startu Praha. Nezvykl\u00fd \u010das (mo\u017en\u00e1) poznamenal \u00favod utk\u00e1n\u00ed, ve kter\u00e9m Kuba Medek s Kok\u0161teinem podlehli dom\u00e1c\u00edm Ungermannovi s Kad\u011brou 10:9 ve t\u0159et\u00edm setu, zbytek utk\u00e1n\u00ed se ale hr\u00e1l u\u017e v\u00fdhradn\u011b podle karlovarsk\u00fdch not.<\/p>\n<p><em>\u201eS v\u00fdjimkou \u00favodn\u00edho z\u00e1pasu dvojic, kter\u00fd jsme prohr\u00e1li posledn\u00edm balonem ve t\u0159et\u00edm setu, jsme na St\u0159eleck\u00e9m ostrov\u011b p\u0159edvedli zodpov\u011bdn\u00fd v\u00fdkon, v\u0161echny dal\u0161\u00ed z\u00e1pasy jsme vyhr\u00e1li jasn\u011b ve dvou setech. Pochvalu zaslou\u017e\u00ed cel\u00fd t\u00fdm, za p\u0159\u00edstup k utk\u00e1n\u00ed, ve kter\u00e9m jsme nutn\u011b pot\u0159ebovali z\u00edskat v\u0161echny z\u00e1pasov\u00e9 body, abychom se vr\u00e1tili zp\u00e1tky na pr\u016fb\u011b\u017en\u011b druhou p\u0159\u00ed\u010dku extraligov\u00e9 tabulky,\u201c<\/em> komentoval utk\u00e1n\u00ed hraj\u00edc\u00ed tren\u00e9r na\u0161eho t\u00fdmu Jan Vanke.<\/p>\n<h2>SK Start Praha \u2013 SK&nbsp;Liapor Witte 1:6 (2:13)<\/h2>\n<p><strong>Z\u00e1pasy:<\/strong> Ungermann, Kad\u011bra \u2013 Jakub Medek, Kok\u0161tein 8:10, 10:5, 9:10; Kaplan, Nov\u00e1k \u2013 Vanke, Dan Put\u00edk 5:10, 4:10; Kad\u011bra, Mare\u010dek, Klab\u00edk \u2013 Jakub Medek, B\u00edbr, Kok\u0161tein 8:10, 7:10; Ungermann, Sachl, B\u00e1lek \u2013 Vanke, Mat\u011bj Medek, Dan Put\u00edk 3:10, 7:10; Sachl, Klab\u00edk \u2013 Ji\u0159\u00ed Put\u00edk, B\u00edbr 7:10, 8:10; Ungermann \u2013 Hron 3:10, 8:10; Kad\u011bra, Mare\u010dek, Klab\u00edk \u2013 Vanke, Mat\u011bj Medek, Dan Put\u00edk 8:10, 7:10.<\/p>\n","protected":false},"excerpt":{"rendered":"<p>Netradi\u010dn\u011b a\u017e v ned\u011bli odpoledne nastupoval n\u00e1\u0161 A t\u00fdm k utk\u00e1n\u00ed 11. kola extraligy na h\u0159i\u0161ti nov\u00e1\u010dka sout\u011b\u017ee Startu Praha. Nezvykl\u00fd \u010das (mo\u017en\u00e1) poznamenal \u00favod utk\u00e1n\u00ed, ve kter\u00e9m Kuba Medek s Kok\u0161teinem podlehli dom\u00e1c\u00edm Ungermannovi s Kad\u011brou 10:9 ve t\u0159et\u00edm setu, zbytek utk\u00e1n\u00ed se ale hr\u00e1l u\u017e v\u00fdhradn\u011b podle karlovarsk\u00fdch not. \u201eS v\u00fdjimkou \u00favodn\u00edho z\u00e1pasu&hellip;&nbsp;<a href=\"https:\/\/nohejbal-kv.cz\/?p=4802\" rel=\"bookmark\">\u010c\u00edst d\u00e1le &raquo;<span class=\"screen-reader-text\">V\u00fdhra na &#8222;St\u0159el\u00e1ku&#8220; vr\u00e1tila n\u00e1\u0161 t\u00fdm na st\u0159\u00edbrnou p\u0159\u00ed\u010dku extraligov\u00e9 tabulky<\/span><\/a><\/p>\n","protected":false},"author":2,"featured_media":0,"comment_status":"closed","ping_status":"closed","sticky":false,"template":"","format":"standard","meta":{"_coblocks_attr":"","_coblocks_dimensions":"","_coblocks_responsive_height":"","_coblocks_accordion_ie_support":"","inline_featured_image":false,"editor_plus_copied_stylings":"{}","neve_meta_sidebar":"","neve_meta_container":"","neve_meta_enable_content_width":"off","neve_meta_content_width":70,"neve_meta_title_alignment":"","neve_meta_author_avatar":"","neve_post_elements_order":"","neve_meta_disable_header":"","neve_meta_disable_footer":"","neve_meta_disable_title":"","ngg_post_thumbnail":0,"footnotes":""},"categories":[2],"tags":[],"class_list":["post-4802","post","type-post","status-publish","format-standard","hentry","category-aktuality"],"aioseo_notices":[],"_links":{"self":[{"href":"https:\/\/nohejbal-kv.cz\/index.php?rest_route=\/wp\/v2\/posts\/4802","targetHints":{"allow":["GET"]}}],"collection":[{"href":"https:\/\/nohejbal-kv.cz\/index.php?rest_route=\/wp\/v2\/posts"}],"about":[{"href":"https:\/\/nohejbal-kv.cz\/index.php?rest_route=\/wp\/v2\/types\/post"}],"author":[{"embeddable":true,"href":"https:\/\/nohejbal-kv.cz\/index.php?rest_route=\/wp\/v2\/users\/2"}],"replies":[{"embeddable":true,"href":"https:\/\/nohejbal-kv.cz\/index.php?rest_route=%2Fwp%2Fv2%2Fcomments&post=4802"}],"version-history":[{"count":0,"href":"https:\/\/nohejbal-kv.cz\/index.php?rest_route=\/wp\/v2\/posts\/4802\/revisions"}],"wp:attachment":[{"href":"https:\/\/nohejbal-kv.cz\/index.php?rest_route=%2Fwp%2Fv2%2Fmedia&parent=4802"}],"wp:term":[{"taxonomy":"category","embeddable":true,"href":"https:\/\/nohejbal-kv.cz\/index.php?rest_route=%2Fwp%2Fv2%2Fcategories&post=4802"},{"taxonomy":"post_tag","embeddable":true,"href":"https:\/\/nohejbal-kv.cz\/index.php?rest_route=%2Fwp%2Fv2%2Ftags&post=4802"}],"curies":[{"name":"wp","href":"https:\/\/api.w.org\/{rel}","templated":true}]}}